{"id":53,"count":29,"description":"Tr\u00e8s inesth\u00e9tiques et symptomatiques d'une peau qui vieillit, les taches brunes sont surtout le signe que la peau ne parvient plus \u00e0 contrer efficacement les effets n\u00e9fastes des rayons ultraviolets ou (on le sait depuis peu) de la lumi\u00e8re bleue (\u00e9crans cellulaire, tablette, ordinateur).\r\n\r\n<strong>Esthederm<\/strong> offre les gammes <strong>EstheWhite <\/strong>et<strong> Excellage<\/strong> pour les peaux matures tandis que <strong>Laboratoire Dr Renaud<\/strong> surprend avec des <strong>exfoliants surpuissants<\/strong> et des <strong>s\u00e9rums \u00e9claircissants<\/strong> ultra efficaces tels le S\u00e9rum Vitamine C, le S\u00e9rum Affinant aux AHA ou l'\u00c9lixir C\u00e9leste. Obtenez des des r\u00e9sultats spectaculaires lorsque combin\u00e9s avec la gamme de produits et de soins professionnels <strong>Radiance.\u00a0<\/strong>\r\n\r\nNous avons d\u00e9velopp\u00e9 une expertise exceptionnelle pour le traitement des taches brunes et l'uniformisation du teint.\u00a0 Nous vous invitons \u00e0 visiter la section sur le <a href=\"https:\/\/esthetiquenovani.com\/photo-rajeunissement\/\">Photorajeunissement IPL \u00e0 Longueuil | Esth\u00e9tique Turcotte (huguetteturcotte.com)<\/a>","link":"https:\/\/esthetiquenovani.com\/en\/categorie-produit\/preoccupation\/taches-pigmentaires-et-teint-terne\/","name":"Taches Pigmentaires, Teint Terne et D\u00e9vitalis\u00e9","slug":"taches-pigmentaires-et-teint-terne","taxonomy":"product_cat","parent":47,"meta":[],"menu_order":48,"yoast_head":"<!-- This site is optimized with the Yoast SEO plugin v27.5 - https:\/\/yoast.com\/product\/yoast-seo-wordpress\/ -->\n<title>Taches Pigmentaires | Brunes | Teint Brouill\u00e9 | Peau D\u00e9vitalis\u00e9e &amp; Fatigu\u00e9e<\/title>\n<meta name=\"description\" content=\"Pour r\u00e9duire l\u2019apparence des taches pigmentaires, uniformiser le teint, donner de l&#039;\u00e9clat misez sur EstheWhite, Excellage, Radiance, Spiruline ou vitamine C\" \/>\n<meta name=\"robots\" content=\"index, follow, max-snippet:-1, max-image-preview:large, max-video-preview:-1\" \/>\n<link rel=\"canonical\" href=\"https:\/\/esthetiquenovani.com\/categorie-produit\/preoccupation\/taches-pigmentaires-et-teint-terne\/\" \/>\n<meta property=\"og:locale\" content=\"en_US\" \/>\n<meta property=\"og:type\" content=\"article\" \/>\n<meta property=\"og:title\" content=\"Taches Pigmentaires | Brunes | Teint Brouill\u00e9 | Peau D\u00e9vitalis\u00e9e &amp; Fatigu\u00e9e\" \/>\n<meta property=\"og:description\" content=\"Pour r\u00e9duire l\u2019apparence des taches pigmentaires, uniformiser le teint, donner de l&#039;\u00e9clat misez sur EstheWhite, Excellage, Radiance, Spiruline ou vitamine C\" \/>\n<meta property=\"og:url\" content=\"https:\/\/esthetiquenovani.com\/categorie-produit\/preoccupation\/taches-pigmentaires-et-teint-terne\/\" \/>\n<meta property=\"og:site_name\" content=\"Clinique d&#039;Esth&eacute;tique Novani\" \/>\n<meta name=\"twitter:card\" content=\"summary_large_image\" \/>\n<script type=\"application\/ld+json\" class=\"yoast-schema-graph\">{\"@context\":\"https:\\\/\\\/schema.org\",\"@graph\":[{\"@type\":\"CollectionPage\",\"@id\":\"https:\\\/\\\/esthetiquenovani.com\\\/categorie-produit\\\/preoccupation\\\/taches-pigmentaires-et-teint-terne\\\/\",\"url\":\"https:\\\/\\\/esthetiquenovani.com\\\/categorie-produit\\\/preoccupation\\\/taches-pigmentaires-et-teint-terne\\\/\",\"name\":\"Taches Pigmentaires | Brunes | Teint Brouill\u00e9 | Peau D\u00e9vitalis\u00e9e & Fatigu\u00e9e\",\"isPartOf\":{\"@id\":\"https:\\\/\\\/esthetiquenovani.com\\\/#website\"},\"description\":\"Pour r\u00e9duire l\u2019apparence des taches pigmentaires, uniformiser le teint, donner de l'\u00e9clat misez sur EstheWhite, Excellage, Radiance, Spiruline ou vitamine C\",\"breadcrumb\":{\"@id\":\"https:\\\/\\\/esthetiquenovani.com\\\/categorie-produit\\\/preoccupation\\\/taches-pigmentaires-et-teint-terne\\\/#breadcrumb\"},\"inLanguage\":\"en-US\"},{\"@type\":\"BreadcrumbList\",\"@id\":\"https:\\\/\\\/esthetiquenovani.com\\\/categorie-produit\\\/preoccupation\\\/taches-pigmentaires-et-teint-terne\\\/#breadcrumb\",\"itemListElement\":[{\"@type\":\"ListItem\",\"position\":1,\"name\":\"Accueil\",\"item\":\"https:\\\/\\\/esthetiquenovani.com\\\/en\\\/\"},{\"@type\":\"ListItem\",\"position\":2,\"name\":\"Pr\u00e9occupations\",\"item\":\"https:\\\/\\\/esthetiquenovani.com\\\/categorie-produit\\\/preoccupation\\\/\"},{\"@type\":\"ListItem\",\"position\":3,\"name\":\"Taches Pigmentaires, Teint Terne et D\u00e9vitalis\u00e9\"}]},{\"@type\":\"WebSite\",\"@id\":\"https:\\\/\\\/esthetiquenovani.com\\\/#website\",\"url\":\"https:\\\/\\\/esthetiquenovani.com\\\/\",\"name\":\"Clinique d'Esth&eacute;tique Novani\",\"description\":\"Brossard, Longueil &amp; Chambly\",\"publisher\":{\"@id\":\"https:\\\/\\\/esthetiquenovani.com\\\/#organization\"},\"potentialAction\":[{\"@type\":\"SearchAction\",\"target\":{\"@type\":\"EntryPoint\",\"urlTemplate\":\"https:\\\/\\\/esthetiquenovani.com\\\/?s={search_term_string}\"},\"query-input\":{\"@type\":\"PropertyValueSpecification\",\"valueRequired\":true,\"valueName\":\"search_term_string\"}}],\"inLanguage\":\"en-US\"},{\"@type\":\"Organization\",\"@id\":\"https:\\\/\\\/esthetiquenovani.com\\\/#organization\",\"name\":\"Esth\u00e9tique Huguette Turcotte\",\"url\":\"https:\\\/\\\/esthetiquenovani.com\\\/\",\"logo\":{\"@type\":\"ImageObject\",\"inLanguage\":\"en-US\",\"@id\":\"https:\\\/\\\/esthetiquenovani.com\\\/#\\\/schema\\\/logo\\\/image\\\/\",\"url\":\"https:\\\/\\\/esthetiquenovani.com\\\/wp-content\\\/uploads\\\/2018\\\/01\\\/qui-sommes-nous.jpg\",\"contentUrl\":\"https:\\\/\\\/esthetiquenovani.com\\\/wp-content\\\/uploads\\\/2018\\\/01\\\/qui-sommes-nous.jpg\",\"width\":637,\"height\":425,\"caption\":\"Esth\u00e9tique Huguette Turcotte\"},\"image\":{\"@id\":\"https:\\\/\\\/esthetiquenovani.com\\\/#\\\/schema\\\/logo\\\/image\\\/\"},\"sameAs\":[\"https:\\\/\\\/www.facebook.com\\\/esthetiquehturcotte\"]}]}<\/script>\n<!-- \/ Yoast SEO plugin. -->","yoast_head_json":{"title":"Taches Pigmentaires | Brunes | Teint Brouill\u00e9 | Peau D\u00e9vitalis\u00e9e & Fatigu\u00e9e","description":"Pour r\u00e9duire l\u2019apparence des taches pigmentaires, uniformiser le teint, donner de l'\u00e9clat misez sur EstheWhite, Excellage, Radiance, Spiruline ou vitamine C","robots":{"index":"index","follow":"follow","max-snippet":"max-snippet:-1","max-image-preview":"max-image-preview:large","max-video-preview":"max-video-preview:-1"},"canonical":"https:\/\/esthetiquenovani.com\/categorie-produit\/preoccupation\/taches-pigmentaires-et-teint-terne\/","og_locale":"en_US","og_type":"article","og_title":"Taches Pigmentaires | Brunes | Teint Brouill\u00e9 | Peau D\u00e9vitalis\u00e9e & Fatigu\u00e9e","og_description":"Pour r\u00e9duire l\u2019apparence des taches pigmentaires, uniformiser le teint, donner de l'\u00e9clat misez sur EstheWhite, Excellage, Radiance, Spiruline ou vitamine C","og_url":"https:\/\/esthetiquenovani.com\/categorie-produit\/preoccupation\/taches-pigmentaires-et-teint-terne\/","og_site_name":"Clinique d'Esth&eacute;tique Novani","twitter_card":"summary_large_image","schema":{"@context":"https:\/\/schema.org","@graph":[{"@type":"CollectionPage","@id":"https:\/\/esthetiquenovani.com\/categorie-produit\/preoccupation\/taches-pigmentaires-et-teint-terne\/","url":"https:\/\/esthetiquenovani.com\/categorie-produit\/preoccupation\/taches-pigmentaires-et-teint-terne\/","name":"Taches Pigmentaires | Brunes | Teint Brouill\u00e9 | Peau D\u00e9vitalis\u00e9e & Fatigu\u00e9e","isPartOf":{"@id":"https:\/\/esthetiquenovani.com\/#website"},"description":"Pour r\u00e9duire l\u2019apparence des taches pigmentaires, uniformiser le teint, donner de l'\u00e9clat misez sur EstheWhite, Excellage, Radiance, Spiruline ou vitamine C","breadcrumb":{"@id":"https:\/\/esthetiquenovani.com\/categorie-produit\/preoccupation\/taches-pigmentaires-et-teint-terne\/#breadcrumb"},"inLanguage":"en-US"},{"@type":"BreadcrumbList","@id":"https:\/\/esthetiquenovani.com\/categorie-produit\/preoccupation\/taches-pigmentaires-et-teint-terne\/#breadcrumb","itemListElement":[{"@type":"ListItem","position":1,"name":"Accueil","item":"https:\/\/esthetiquenovani.com\/en\/"},{"@type":"ListItem","position":2,"name":"Pr\u00e9occupations","item":"https:\/\/esthetiquenovani.com\/categorie-produit\/preoccupation\/"},{"@type":"ListItem","position":3,"name":"Taches Pigmentaires, Teint Terne et D\u00e9vitalis\u00e9"}]},{"@type":"WebSite","@id":"https:\/\/esthetiquenovani.com\/#website","url":"https:\/\/esthetiquenovani.com\/","name":"Clinique d'Esth&eacute;tique Novani","description":"Brossard, Longueil &amp; Chambly","publisher":{"@id":"https:\/\/esthetiquenovani.com\/#organization"},"potentialAction":[{"@type":"SearchAction","target":{"@type":"EntryPoint","urlTemplate":"https:\/\/esthetiquenovani.com\/?s={search_term_string}"},"query-input":{"@type":"PropertyValueSpecification","valueRequired":true,"valueName":"search_term_string"}}],"inLanguage":"en-US"},{"@type":"Organization","@id":"https:\/\/esthetiquenovani.com\/#organization","name":"Esth\u00e9tique Huguette Turcotte","url":"https:\/\/esthetiquenovani.com\/","logo":{"@type":"ImageObject","inLanguage":"en-US","@id":"https:\/\/esthetiquenovani.com\/#\/schema\/logo\/image\/","url":"https:\/\/esthetiquenovani.com\/wp-content\/uploads\/2018\/01\/qui-sommes-nous.jpg","contentUrl":"https:\/\/esthetiquenovani.com\/wp-content\/uploads\/2018\/01\/qui-sommes-nous.jpg","width":637,"height":425,"caption":"Esth\u00e9tique Huguette Turcotte"},"image":{"@id":"https:\/\/esthetiquenovani.com\/#\/schema\/logo\/image\/"},"sameAs":["https:\/\/www.facebook.com\/esthetiquehturcotte"]}]}},"_links":{"self":[{"href":"https:\/\/esthetiquenovani.com\/en\/wp-json\/wp\/v2\/product_cat\/53","targetHints":{"allow":["GET"]}}],"collection":[{"href":"https:\/\/esthetiquenovani.com\/en\/wp-json\/wp\/v2\/product_cat"}],"about":[{"href":"https:\/\/esthetiquenovani.com\/en\/wp-json\/wp\/v2\/taxonomies\/product_cat"}],"up":[{"embeddable":true,"href":"https:\/\/esthetiquenovani.com\/en\/wp-json\/wp\/v2\/product_cat\/47"}],"wp:post_type":[{"href":"https:\/\/esthetiquenovani.com\/en\/wp-json\/wp\/v2\/product?product_cat=53"}],"curies":[{"name":"wp","href":"https:\/\/api.w.org\/{rel}","templated":true}]}}